{"id":38,"date":"2008-07-23T15:11:45","date_gmt":"2008-07-23T13:11:45","guid":{"rendered":"http:\/\/www.vilma.cc\/2G\/?p=38"},"modified":"2008-08-04T14:07:21","modified_gmt":"2008-08-04T12:07:21","slug":"boneshine-laboratorijos-antroji-diena","status":"publish","type":"post","link":"https:\/\/vilma.cc\/2G\/?p=38","title":{"rendered":"BONESHINE lab"},"content":{"rendered":"<p>\u0160VYTIN\u010cI\u0172 KAUL\u0172\u00a0laboratorijos antroji diena. Kuriami Ermita\u017eo-Guggeneheimo puod\u0173 eskizai &#8211; intelektualios ir vizualios asociacijos,\u00a0kilusios studijuojant Ermita\u017eo-Guggeneheimo Vilniuje architekt\u016brinius modelius.<\/p>\n<p><img decoding=\"async\" src=\"http:\/\/vilma.cc\/2G\/IMG\/200807KLAIPEDA\/20080723\/keramika-20080723-01.jpg\" alt=\"\" \/><\/p>\n<p><img decoding=\"async\" src=\"http:\/\/vilma.cc\/2G\/IMG\/200807KLAIPEDA\/20080723\/keramika-20080723-02.jpg\" alt=\"\" \/>\u00a0\u00a0 <img decoding=\"async\" src=\"http:\/\/vilma.cc\/2G\/IMG\/200807KLAIPEDA\/20080723\/keramika-20080723-03.jpg\" alt=\"\" \/><\/p>\n<p><img decoding=\"async\" src=\"http:\/\/vilma.cc\/2G\/IMG\/200807KLAIPEDA\/20080723\/keramika-20080723-04.jpg\" alt=\"\" \/><\/p>\n<p><img decoding=\"async\" src=\"http:\/\/vilma.cc\/2G\/IMG\/200807KLAIPEDA\/20080723\/keramika-20080723-05.jpg\" alt=\"\" \/><\/p>\n<p><img decoding=\"async\" src=\"http:\/\/vilma.cc\/2G\/IMG\/200807KLAIPEDA\/20080723\/keramika-20080723-06.jpg\" alt=\"\" \/><\/p>\n<p><img decoding=\"async\" src=\"http:\/\/vilma.cc\/2G\/IMG\/200807KLAIPEDA\/20080723\/keramika-20080723-07.jpg\" alt=\"\" \/><\/p>\n<p><img loading=\"lazy\" decoding=\"async\" src=\"http:\/\/vilma.cc\/2G\/IMG\/200807KLAIPEDA\/20080723\/keramika-20080723-08.jpg\" alt=\"\" width=\"500\" height=\"747\" \/><\/p>\n","protected":false},"excerpt":{"rendered":"<p>\u0160VYTIN\u010cI\u0172 KAUL\u0172\u00a0laboratorijos antroji diena. Kuriami Ermita\u017eo-Guggeneheimo puod\u0173 eskizai &#8211; intelektualios ir vizualios asociacijos,\u00a0kilusios studijuojant Ermita\u017eo-Guggeneheimo Vilniuje architekt\u016brinius modelius. \u00a0\u00a0<\/p>\n","protected":false},"author":1,"featured_media":0,"comment_status":"closed","ping_status":"open","sticky":false,"template":"","format":"standard","meta":{"footnotes":""},"categories":[31],"tags":[],"class_list":["post-38","post","type-post","status-publish","format-standard","hentry","category-boneshine-department"],"_links":{"self":[{"href":"https:\/\/vilma.cc\/2G\/index.php?rest_route=\/wp\/v2\/posts\/38","targetHints":{"allow":["GET"]}}],"collection":[{"href":"https:\/\/vilma.cc\/2G\/index.php?rest_route=\/wp\/v2\/posts"}],"about":[{"href":"https:\/\/vilma.cc\/2G\/index.php?rest_route=\/wp\/v2\/types\/post"}],"author":[{"embeddable":true,"href":"https:\/\/vilma.cc\/2G\/index.php?rest_route=\/wp\/v2\/users\/1"}],"replies":[{"embeddable":true,"href":"https:\/\/vilma.cc\/2G\/index.php?rest_route=%2Fwp%2Fv2%2Fcomments&post=38"}],"version-history":[{"count":0,"href":"https:\/\/vilma.cc\/2G\/index.php?rest_route=\/wp\/v2\/posts\/38\/revisions"}],"wp:attachment":[{"href":"https:\/\/vilma.cc\/2G\/index.php?rest_route=%2Fwp%2Fv2%2Fmedia&parent=38"}],"wp:term":[{"taxonomy":"category","embeddable":true,"href":"https:\/\/vilma.cc\/2G\/index.php?rest_route=%2Fwp%2Fv2%2Fcategories&post=38"},{"taxonomy":"post_tag","embeddable":true,"href":"https:\/\/vilma.cc\/2G\/index.php?rest_route=%2Fwp%2Fv2%2Ftags&post=38"}],"curies":[{"name":"wp","href":"https:\/\/api.w.org\/{rel}","templated":true}]}}